{"id":785,"date":"2016-11-20T21:01:52","date_gmt":"2016-11-20T19:01:52","guid":{"rendered":"http:\/\/glacas.fr\/mangeoire\/?p=785"},"modified":"2017-01-31T15:34:35","modified_gmt":"2017-01-31T13:34:35","slug":"premiere-surprise-ouvrir-saison-ii","status":"publish","type":"post","link":"http:\/\/glacas.fr\/mangeoire\/2016\/11\/20\/premiere-surprise-ouvrir-saison-ii\/","title":{"rendered":"Une premi\u00e8re surprise pour ouvrir la saison II !"},"content":{"rendered":"<p style=\"text-align: justify;\"><a href=\"http:\/\/glacas.fr\/mangeoire\/img_2636-large\/\" rel=\"attachment wp-att-763\"><img data-recalc-dims=\"1\" loading=\"lazy\" decoding=\"async\" data-attachment-id=\"763\" data-permalink=\"http:\/\/glacas.fr\/mangeoire\/img_2636-large\/\" data-orig-file=\"https:\/\/i0.wp.com\/glacas.fr\/mangeoire\/wp-content\/uploads\/sites\/6\/2016\/11\/IMG_2636-Large.jpg?fit=1302%2C1080\" data-orig-size=\"1302,1080\" data-comments-opened=\"1\" data-image-meta=\"{&quot;aperture&quot;:&quot;4&quot;,&quot;credit&quot;:&quot;COSTA.Florent&quot;,&quot;camera&quot;:&quot;Canon EOS 7D&quot;,&quot;caption&quot;:&quot;&quot;,&quot;created_timestamp&quot;:&quot;1478691930&quot;,&quot;copyright&quot;:&quot;&quot;,&quot;focal_length&quot;:&quot;300&quot;,&quot;iso&quot;:&quot;2500&quot;,&quot;shutter_speed&quot;:&quot;0.0008&quot;,&quot;title&quot;:&quot;&quot;,&quot;orientation&quot;:&quot;1&quot;}\" data-image-title=\"img_2636-large\" data-image-description=\"\" data-image-caption=\"\" data-medium-file=\"https:\/\/i0.wp.com\/glacas.fr\/mangeoire\/wp-content\/uploads\/sites\/6\/2016\/11\/IMG_2636-Large.jpg?fit=300%2C249\" data-large-file=\"https:\/\/i0.wp.com\/glacas.fr\/mangeoire\/wp-content\/uploads\/sites\/6\/2016\/11\/IMG_2636-Large.jpg?fit=648%2C537\" class=\"size-full wp-image-763 aligncenter colorbox-785\" src=\"https:\/\/i0.wp.com\/glacas.fr\/mangeoire\/wp-content\/uploads\/sites\/6\/2016\/11\/IMG_2636-Large.jpg?resize=648%2C538\" alt=\"img_2636-large\" width=\"648\" height=\"538\" srcset=\"https:\/\/i0.wp.com\/glacas.fr\/mangeoire\/wp-content\/uploads\/sites\/6\/2016\/11\/IMG_2636-Large.jpg?w=1302 1302w, https:\/\/i0.wp.com\/glacas.fr\/mangeoire\/wp-content\/uploads\/sites\/6\/2016\/11\/IMG_2636-Large.jpg?resize=300%2C249 300w, https:\/\/i0.wp.com\/glacas.fr\/mangeoire\/wp-content\/uploads\/sites\/6\/2016\/11\/IMG_2636-Large.jpg?resize=1024%2C849 1024w\" sizes=\"auto, (max-width: 648px) 100vw, 648px\" \/><\/a>Aujourd&rsquo;hui 9 novembre 2016, la neige s&rsquo;est invit\u00e9e sur le Vercors et j&rsquo;ai d\u00e9cid\u00e9 de r\u00e9activer quelques unes des mangeoires.<\/p>\n<p style=\"text-align: justify;\">J&rsquo;ai \u00e9galement rouvert cette chronique pour vous faire partager durant tout l&rsquo;hiver, la saison II des aventures des visiteurs de mon jardin.<\/p>\n<p style=\"text-align: justify;\">Et comme on ne fait pas les choses \u00e0\u00a0 moiti\u00e9 dans \u00ab\u00a0Chroniques de la mangeoire\u00a0\u00bb, une star inconnue des plateaux est venue pour la premi\u00e8re fois nous rendre visite : la pie bavarde !<\/p>\n<p><!--more--><\/p>\n<p style=\"text-align: justify;\">Or donc, ce matin, voyant la neige tomber en abondance, je d\u00e9cidais de donner un petit coup de pouce aux visiteurs de mon jardin qui devaient avoir du mal \u00e0 se nourrir avec la quinzaine de centim\u00e8tres qui s&rsquo;\u00e9tait accumul\u00e9e.<\/p>\n<p style=\"text-align: justify;\">Mais comme je n&rsquo;ai pas encore re\u00e7u ma commande de graines bio de la saison (<em>S\u00e9bastien si tu lis ce blog, il y a urgence \u00e0 mettre en sacs&#8230;<\/em>), je ressortis le dernier pot de l&rsquo;ann\u00e9e derni\u00e8re et d\u00e9cidais d&rsquo;alimenter uniquement la mangeoire distributeur.<\/p>\n<p style=\"text-align: justify;\">Les premiers \u00e0 revenir \u00e0 la gamelle furent les moineaux et les m\u00e9sanges charbonni\u00e8res :<\/p>\n<p><a href=\"http:\/\/glacas.fr\/mangeoire\/img_2696-large\/\" rel=\"attachment wp-att-773\"><img data-recalc-dims=\"1\" loading=\"lazy\" decoding=\"async\" data-attachment-id=\"773\" data-permalink=\"http:\/\/glacas.fr\/mangeoire\/img_2696-large\/\" data-orig-file=\"https:\/\/i0.wp.com\/glacas.fr\/mangeoire\/wp-content\/uploads\/sites\/6\/2016\/11\/IMG_2696-Large.jpg?fit=1515%2C1080\" data-orig-size=\"1515,1080\" data-comments-opened=\"1\" data-image-meta=\"{&quot;aperture&quot;:&quot;4&quot;,&quot;credit&quot;:&quot;COSTA.Florent&quot;,&quot;camera&quot;:&quot;Canon EOS 7D&quot;,&quot;caption&quot;:&quot;&quot;,&quot;created_timestamp&quot;:&quot;1478692188&quot;,&quot;copyright&quot;:&quot;&quot;,&quot;focal_length&quot;:&quot;300&quot;,&quot;iso&quot;:&quot;2500&quot;,&quot;shutter_speed&quot;:&quot;0.0008&quot;,&quot;title&quot;:&quot;&quot;,&quot;orientation&quot;:&quot;1&quot;}\" data-image-title=\"img_2696-large\" data-image-description=\"\" data-image-caption=\"\" data-medium-file=\"https:\/\/i0.wp.com\/glacas.fr\/mangeoire\/wp-content\/uploads\/sites\/6\/2016\/11\/IMG_2696-Large.jpg?fit=300%2C214\" data-large-file=\"https:\/\/i0.wp.com\/glacas.fr\/mangeoire\/wp-content\/uploads\/sites\/6\/2016\/11\/IMG_2696-Large.jpg?fit=648%2C462\" class=\"alignnone size-full wp-image-773 colorbox-785\" src=\"https:\/\/i0.wp.com\/glacas.fr\/mangeoire\/wp-content\/uploads\/sites\/6\/2016\/11\/IMG_2696-Large.jpg?resize=648%2C462\" alt=\"img_2696-large\" width=\"648\" height=\"462\" srcset=\"https:\/\/i0.wp.com\/glacas.fr\/mangeoire\/wp-content\/uploads\/sites\/6\/2016\/11\/IMG_2696-Large.jpg?w=1515 1515w, https:\/\/i0.wp.com\/glacas.fr\/mangeoire\/wp-content\/uploads\/sites\/6\/2016\/11\/IMG_2696-Large.jpg?resize=300%2C214 300w, https:\/\/i0.wp.com\/glacas.fr\/mangeoire\/wp-content\/uploads\/sites\/6\/2016\/11\/IMG_2696-Large.jpg?resize=1024%2C730 1024w, https:\/\/i0.wp.com\/glacas.fr\/mangeoire\/wp-content\/uploads\/sites\/6\/2016\/11\/IMG_2696-Large.jpg?w=1296 1296w\" sizes=\"auto, (max-width: 648px) 100vw, 648px\" \/><\/a><\/p>\n<p style=\"text-align: justify;\">Et tr\u00e8s vite les prises de becs et chamailleries reprirent de plus belle comme l&rsquo;hiver dernier (voir les <a href=\"http:\/\/glacas.fr\/mangeoire\/2016\/03\/21\/par-ci-la-sortie\/\">reportages de 2015\/2016<\/a>).<\/p>\n<p><a href=\"http:\/\/glacas.fr\/mangeoire\/img_2753-large\/\" rel=\"attachment wp-att-774\"><img data-recalc-dims=\"1\" loading=\"lazy\" decoding=\"async\" data-attachment-id=\"774\" data-permalink=\"http:\/\/glacas.fr\/mangeoire\/img_2753-large\/\" data-orig-file=\"https:\/\/i0.wp.com\/glacas.fr\/mangeoire\/wp-content\/uploads\/sites\/6\/2016\/11\/IMG_2753-Large.jpg?fit=1332%2C1080\" data-orig-size=\"1332,1080\" data-comments-opened=\"1\" data-image-meta=\"{&quot;aperture&quot;:&quot;4&quot;,&quot;credit&quot;:&quot;COSTA.Florent&quot;,&quot;camera&quot;:&quot;Canon EOS 7D&quot;,&quot;caption&quot;:&quot;&quot;,&quot;created_timestamp&quot;:&quot;1478692407&quot;,&quot;copyright&quot;:&quot;&quot;,&quot;focal_length&quot;:&quot;300&quot;,&quot;iso&quot;:&quot;1000&quot;,&quot;shutter_speed&quot;:&quot;0.0008&quot;,&quot;title&quot;:&quot;&quot;,&quot;orientation&quot;:&quot;1&quot;}\" data-image-title=\"img_2753-large\" data-image-description=\"\" data-image-caption=\"\" data-medium-file=\"https:\/\/i0.wp.com\/glacas.fr\/mangeoire\/wp-content\/uploads\/sites\/6\/2016\/11\/IMG_2753-Large.jpg?fit=300%2C243\" data-large-file=\"https:\/\/i0.wp.com\/glacas.fr\/mangeoire\/wp-content\/uploads\/sites\/6\/2016\/11\/IMG_2753-Large.jpg?fit=648%2C525\" class=\"alignnone size-full wp-image-774 colorbox-785\" src=\"https:\/\/i0.wp.com\/glacas.fr\/mangeoire\/wp-content\/uploads\/sites\/6\/2016\/11\/IMG_2753-Large.jpg?resize=648%2C525\" alt=\"img_2753-large\" width=\"648\" height=\"525\" srcset=\"https:\/\/i0.wp.com\/glacas.fr\/mangeoire\/wp-content\/uploads\/sites\/6\/2016\/11\/IMG_2753-Large.jpg?w=1332 1332w, https:\/\/i0.wp.com\/glacas.fr\/mangeoire\/wp-content\/uploads\/sites\/6\/2016\/11\/IMG_2753-Large.jpg?resize=300%2C243 300w, https:\/\/i0.wp.com\/glacas.fr\/mangeoire\/wp-content\/uploads\/sites\/6\/2016\/11\/IMG_2753-Large.jpg?resize=1024%2C830 1024w\" sizes=\"auto, (max-width: 648px) 100vw, 648px\" \/><\/a><\/p>\n<p style=\"text-align: justify;\">Mais, au bout d&rsquo;un quart d&rsquo;heure, tous les oiseaux disparurent brusquement et le silence se fit autour de la mangeoire.<\/p>\n<p style=\"text-align: justify;\">Je me disais qu&rsquo;un rapace ou un chat avait du s&rsquo;approcher et que tout le monde avait fonc\u00e9 aux abris quand, brusquement, elle apparu sur la rambarde en dessous de la mangeoire&#8230;<\/p>\n<p><a href=\"http:\/\/glacas.fr\/mangeoire\/img_2583-large\/\" rel=\"attachment wp-att-760\"><img data-recalc-dims=\"1\" loading=\"lazy\" decoding=\"async\" data-attachment-id=\"760\" data-permalink=\"http:\/\/glacas.fr\/mangeoire\/img_2583-large\/\" data-orig-file=\"https:\/\/i0.wp.com\/glacas.fr\/mangeoire\/wp-content\/uploads\/sites\/6\/2016\/11\/IMG_2583-Large.jpg?fit=1334%2C1080\" data-orig-size=\"1334,1080\" data-comments-opened=\"1\" data-image-meta=\"{&quot;aperture&quot;:&quot;4&quot;,&quot;credit&quot;:&quot;COSTA.Florent&quot;,&quot;camera&quot;:&quot;Canon EOS 7D&quot;,&quot;caption&quot;:&quot;&quot;,&quot;created_timestamp&quot;:&quot;1478691273&quot;,&quot;copyright&quot;:&quot;&quot;,&quot;focal_length&quot;:&quot;300&quot;,&quot;iso&quot;:&quot;3200&quot;,&quot;shutter_speed&quot;:&quot;0.001&quot;,&quot;title&quot;:&quot;&quot;,&quot;orientation&quot;:&quot;1&quot;}\" data-image-title=\"img_2583-large\" data-image-description=\"\" data-image-caption=\"\" data-medium-file=\"https:\/\/i0.wp.com\/glacas.fr\/mangeoire\/wp-content\/uploads\/sites\/6\/2016\/11\/IMG_2583-Large.jpg?fit=300%2C243\" data-large-file=\"https:\/\/i0.wp.com\/glacas.fr\/mangeoire\/wp-content\/uploads\/sites\/6\/2016\/11\/IMG_2583-Large.jpg?fit=648%2C525\" class=\"alignnone size-full wp-image-760 colorbox-785\" src=\"https:\/\/i0.wp.com\/glacas.fr\/mangeoire\/wp-content\/uploads\/sites\/6\/2016\/11\/IMG_2583-Large.jpg?resize=648%2C525\" alt=\"img_2583-large\" width=\"648\" height=\"525\" srcset=\"https:\/\/i0.wp.com\/glacas.fr\/mangeoire\/wp-content\/uploads\/sites\/6\/2016\/11\/IMG_2583-Large.jpg?w=1334 1334w, https:\/\/i0.wp.com\/glacas.fr\/mangeoire\/wp-content\/uploads\/sites\/6\/2016\/11\/IMG_2583-Large.jpg?resize=300%2C243 300w, https:\/\/i0.wp.com\/glacas.fr\/mangeoire\/wp-content\/uploads\/sites\/6\/2016\/11\/IMG_2583-Large.jpg?resize=1024%2C829 1024w\" sizes=\"auto, (max-width: 648px) 100vw, 648px\" \/><\/a><\/p>\n<p style=\"text-align: justify;\">Une pie bavarde (pica pica) ! D&rsquo;habitude, elle ne s&rsquo;approche pas autant de la maison et se contente de regarder ce qui se passe \u00e0 la mangeoire, perch\u00e9e sur les plus hautes branches des arbres de mon jardin.<\/p>\n<p style=\"text-align: justify;\">C&rsquo;\u00e9tait donc une vrai surprise de la voir de si pr\u00e8s; en effet, j&rsquo;\u00e9tais \u00e0 moins de 3,50 m derri\u00e8re la vitre et elle me voyais parfaitement&#8230;<\/p>\n<p style=\"text-align: justify;\">Tout doucement, j&rsquo;essayais de reculer avec mon appareil sur pied afin de l&rsquo;avoir plein champ car avec mon objectif 300 mm, j&rsquo;\u00e9tais trop pr\u00e8s pour la cadrer, le comble du photographe animalier&#8230;<\/p>\n<p style=\"text-align: justify;\">Elle me fit ensuite admirer son autre profil,<\/p>\n<p><a href=\"http:\/\/glacas.fr\/mangeoire\/img_2582-large\/\" rel=\"attachment wp-att-759\"><img data-recalc-dims=\"1\" loading=\"lazy\" decoding=\"async\" data-attachment-id=\"759\" data-permalink=\"http:\/\/glacas.fr\/mangeoire\/img_2582-large\/\" data-orig-file=\"https:\/\/i0.wp.com\/glacas.fr\/mangeoire\/wp-content\/uploads\/sites\/6\/2016\/11\/IMG_2582-Large.jpg?fit=1420%2C1080\" data-orig-size=\"1420,1080\" data-comments-opened=\"1\" data-image-meta=\"{&quot;aperture&quot;:&quot;4.5&quot;,&quot;credit&quot;:&quot;COSTA.Florent&quot;,&quot;camera&quot;:&quot;Canon EOS 7D&quot;,&quot;caption&quot;:&quot;&quot;,&quot;created_timestamp&quot;:&quot;1478691272&quot;,&quot;copyright&quot;:&quot;&quot;,&quot;focal_length&quot;:&quot;300&quot;,&quot;iso&quot;:&quot;2000&quot;,&quot;shutter_speed&quot;:&quot;0.001&quot;,&quot;title&quot;:&quot;&quot;,&quot;orientation&quot;:&quot;1&quot;}\" data-image-title=\"img_2582-large\" data-image-description=\"\" data-image-caption=\"\" data-medium-file=\"https:\/\/i0.wp.com\/glacas.fr\/mangeoire\/wp-content\/uploads\/sites\/6\/2016\/11\/IMG_2582-Large.jpg?fit=300%2C228\" data-large-file=\"https:\/\/i0.wp.com\/glacas.fr\/mangeoire\/wp-content\/uploads\/sites\/6\/2016\/11\/IMG_2582-Large.jpg?fit=648%2C493\" class=\"alignnone size-full wp-image-759 colorbox-785\" src=\"https:\/\/i0.wp.com\/glacas.fr\/mangeoire\/wp-content\/uploads\/sites\/6\/2016\/11\/IMG_2582-Large.jpg?resize=648%2C493\" alt=\"img_2582-large\" width=\"648\" height=\"493\" srcset=\"https:\/\/i0.wp.com\/glacas.fr\/mangeoire\/wp-content\/uploads\/sites\/6\/2016\/11\/IMG_2582-Large.jpg?w=1420 1420w, https:\/\/i0.wp.com\/glacas.fr\/mangeoire\/wp-content\/uploads\/sites\/6\/2016\/11\/IMG_2582-Large.jpg?resize=300%2C228 300w, https:\/\/i0.wp.com\/glacas.fr\/mangeoire\/wp-content\/uploads\/sites\/6\/2016\/11\/IMG_2582-Large.jpg?resize=1024%2C779 1024w, https:\/\/i0.wp.com\/glacas.fr\/mangeoire\/wp-content\/uploads\/sites\/6\/2016\/11\/IMG_2582-Large.jpg?w=1296 1296w\" sizes=\"auto, (max-width: 648px) 100vw, 648px\" \/><\/a><\/p>\n<p style=\"text-align: justify;\">Puis, d\u00e9cidant que je ne repr\u00e9sentais pas un danger imm\u00e9diat, elle se mit \u00e0 observer la mangeoire situ\u00e9e au dessus, d&rsquo;un oeil int\u00e9ress\u00e9 :<\/p>\n<p><a href=\"http:\/\/glacas.fr\/mangeoire\/img_2589-large\/\" rel=\"attachment wp-att-761\"><img data-recalc-dims=\"1\" loading=\"lazy\" decoding=\"async\" data-attachment-id=\"761\" data-permalink=\"http:\/\/glacas.fr\/mangeoire\/img_2589-large\/\" data-orig-file=\"https:\/\/i0.wp.com\/glacas.fr\/mangeoire\/wp-content\/uploads\/sites\/6\/2016\/11\/IMG_2589-Large.jpg?fit=995%2C1080\" data-orig-size=\"995,1080\" data-comments-opened=\"1\" data-image-meta=\"{&quot;aperture&quot;:&quot;4&quot;,&quot;credit&quot;:&quot;COSTA.Florent&quot;,&quot;camera&quot;:&quot;Canon EOS 7D&quot;,&quot;caption&quot;:&quot;&quot;,&quot;created_timestamp&quot;:&quot;1478691277&quot;,&quot;copyright&quot;:&quot;&quot;,&quot;focal_length&quot;:&quot;300&quot;,&quot;iso&quot;:&quot;3200&quot;,&quot;shutter_speed&quot;:&quot;0.001&quot;,&quot;title&quot;:&quot;&quot;,&quot;orientation&quot;:&quot;1&quot;}\" data-image-title=\"img_2589-large\" data-image-description=\"\" data-image-caption=\"\" data-medium-file=\"https:\/\/i0.wp.com\/glacas.fr\/mangeoire\/wp-content\/uploads\/sites\/6\/2016\/11\/IMG_2589-Large.jpg?fit=276%2C300\" data-large-file=\"https:\/\/i0.wp.com\/glacas.fr\/mangeoire\/wp-content\/uploads\/sites\/6\/2016\/11\/IMG_2589-Large.jpg?fit=648%2C704\" class=\"alignnone size-full wp-image-761 colorbox-785\" src=\"https:\/\/i0.wp.com\/glacas.fr\/mangeoire\/wp-content\/uploads\/sites\/6\/2016\/11\/IMG_2589-Large.jpg?resize=648%2C703\" alt=\"img_2589-large\" width=\"648\" height=\"703\" srcset=\"https:\/\/i0.wp.com\/glacas.fr\/mangeoire\/wp-content\/uploads\/sites\/6\/2016\/11\/IMG_2589-Large.jpg?w=995 995w, https:\/\/i0.wp.com\/glacas.fr\/mangeoire\/wp-content\/uploads\/sites\/6\/2016\/11\/IMG_2589-Large.jpg?resize=276%2C300 276w, https:\/\/i0.wp.com\/glacas.fr\/mangeoire\/wp-content\/uploads\/sites\/6\/2016\/11\/IMG_2589-Large.jpg?resize=943%2C1024 943w\" sizes=\"auto, (max-width: 648px) 100vw, 648px\" \/><\/a><\/p>\n<p>Elle me tourna m\u00eame le dos, me permettant d&rsquo;admirer les couleurs bleu et vert de ses plumes.<\/p>\n<p><a href=\"http:\/\/glacas.fr\/mangeoire\/img_2573-large\/\" rel=\"attachment wp-att-757\"><img data-recalc-dims=\"1\" loading=\"lazy\" decoding=\"async\" data-attachment-id=\"757\" data-permalink=\"http:\/\/glacas.fr\/mangeoire\/img_2573-large\/\" data-orig-file=\"https:\/\/i0.wp.com\/glacas.fr\/mangeoire\/wp-content\/uploads\/sites\/6\/2016\/11\/IMG_2573-Large.jpg?fit=1253%2C1080\" data-orig-size=\"1253,1080\" data-comments-opened=\"1\" data-image-meta=\"{&quot;aperture&quot;:&quot;4&quot;,&quot;credit&quot;:&quot;COSTA.Florent&quot;,&quot;camera&quot;:&quot;Canon EOS 7D&quot;,&quot;caption&quot;:&quot;&quot;,&quot;created_timestamp&quot;:&quot;1478691268&quot;,&quot;copyright&quot;:&quot;&quot;,&quot;focal_length&quot;:&quot;300&quot;,&quot;iso&quot;:&quot;3200&quot;,&quot;shutter_speed&quot;:&quot;0.001&quot;,&quot;title&quot;:&quot;&quot;,&quot;orientation&quot;:&quot;1&quot;}\" data-image-title=\"img_2573-large\" data-image-description=\"\" data-image-caption=\"\" data-medium-file=\"https:\/\/i0.wp.com\/glacas.fr\/mangeoire\/wp-content\/uploads\/sites\/6\/2016\/11\/IMG_2573-Large.jpg?fit=300%2C259\" data-large-file=\"https:\/\/i0.wp.com\/glacas.fr\/mangeoire\/wp-content\/uploads\/sites\/6\/2016\/11\/IMG_2573-Large.jpg?fit=648%2C559\" class=\"alignnone size-full wp-image-757 colorbox-785\" src=\"https:\/\/i0.wp.com\/glacas.fr\/mangeoire\/wp-content\/uploads\/sites\/6\/2016\/11\/IMG_2573-Large.jpg?resize=648%2C559\" alt=\"img_2573-large\" width=\"648\" height=\"559\" srcset=\"https:\/\/i0.wp.com\/glacas.fr\/mangeoire\/wp-content\/uploads\/sites\/6\/2016\/11\/IMG_2573-Large.jpg?w=1253 1253w, https:\/\/i0.wp.com\/glacas.fr\/mangeoire\/wp-content\/uploads\/sites\/6\/2016\/11\/IMG_2573-Large.jpg?resize=300%2C259 300w, https:\/\/i0.wp.com\/glacas.fr\/mangeoire\/wp-content\/uploads\/sites\/6\/2016\/11\/IMG_2573-Large.jpg?resize=1024%2C883 1024w\" sizes=\"auto, (max-width: 648px) 100vw, 648px\" \/><\/a><\/p>\n<p>J&rsquo;avais de plus en plus de mal \u00e0 la cadrer mais \u00e7a permettait quand m\u00eame de faire des plans rapproch\u00e9s inesp\u00e9r\u00e9s&#8230;<\/p>\n<p><a href=\"http:\/\/glacas.fr\/mangeoire\/img_2577-large\/\" rel=\"attachment wp-att-758\"><img data-recalc-dims=\"1\" loading=\"lazy\" decoding=\"async\" data-attachment-id=\"758\" data-permalink=\"http:\/\/glacas.fr\/mangeoire\/img_2577-large\/\" data-orig-file=\"https:\/\/i0.wp.com\/glacas.fr\/mangeoire\/wp-content\/uploads\/sites\/6\/2016\/11\/IMG_2577-Large.jpg?fit=908%2C1080\" data-orig-size=\"908,1080\" data-comments-opened=\"1\" data-image-meta=\"{&quot;aperture&quot;:&quot;4&quot;,&quot;credit&quot;:&quot;COSTA.Florent&quot;,&quot;camera&quot;:&quot;Canon EOS 7D&quot;,&quot;caption&quot;:&quot;&quot;,&quot;created_timestamp&quot;:&quot;1478691270&quot;,&quot;copyright&quot;:&quot;&quot;,&quot;focal_length&quot;:&quot;300&quot;,&quot;iso&quot;:&quot;3200&quot;,&quot;shutter_speed&quot;:&quot;0.001&quot;,&quot;title&quot;:&quot;&quot;,&quot;orientation&quot;:&quot;1&quot;}\" data-image-title=\"img_2577-large\" data-image-description=\"\" data-image-caption=\"\" data-medium-file=\"https:\/\/i0.wp.com\/glacas.fr\/mangeoire\/wp-content\/uploads\/sites\/6\/2016\/11\/IMG_2577-Large.jpg?fit=252%2C300\" data-large-file=\"https:\/\/i0.wp.com\/glacas.fr\/mangeoire\/wp-content\/uploads\/sites\/6\/2016\/11\/IMG_2577-Large.jpg?fit=648%2C771\" class=\"alignnone size-full wp-image-758 colorbox-785\" src=\"https:\/\/i0.wp.com\/glacas.fr\/mangeoire\/wp-content\/uploads\/sites\/6\/2016\/11\/IMG_2577-Large.jpg?resize=648%2C771\" alt=\"img_2577-large\" width=\"648\" height=\"771\" srcset=\"https:\/\/i0.wp.com\/glacas.fr\/mangeoire\/wp-content\/uploads\/sites\/6\/2016\/11\/IMG_2577-Large.jpg?w=908 908w, https:\/\/i0.wp.com\/glacas.fr\/mangeoire\/wp-content\/uploads\/sites\/6\/2016\/11\/IMG_2577-Large.jpg?resize=252%2C300 252w, https:\/\/i0.wp.com\/glacas.fr\/mangeoire\/wp-content\/uploads\/sites\/6\/2016\/11\/IMG_2577-Large.jpg?resize=861%2C1024 861w\" sizes=\"auto, (max-width: 648px) 100vw, 648px\" \/><\/a><\/p>\n<p>Puis, d&rsquo;un coup d&rsquo;aile l\u00e9ger, elle d\u00e9colla, non pas pour s&rsquo;enfuir comme je le pensais, mais pour se percher sur la mangeoire distributeur&#8230;<\/p>\n<p><a href=\"http:\/\/glacas.fr\/mangeoire\/img_2636-large\/\" rel=\"attachment wp-att-763\"><img data-recalc-dims=\"1\" loading=\"lazy\" decoding=\"async\" data-attachment-id=\"763\" data-permalink=\"http:\/\/glacas.fr\/mangeoire\/img_2636-large\/\" data-orig-file=\"https:\/\/i0.wp.com\/glacas.fr\/mangeoire\/wp-content\/uploads\/sites\/6\/2016\/11\/IMG_2636-Large.jpg?fit=1302%2C1080\" data-orig-size=\"1302,1080\" data-comments-opened=\"1\" data-image-meta=\"{&quot;aperture&quot;:&quot;4&quot;,&quot;credit&quot;:&quot;COSTA.Florent&quot;,&quot;camera&quot;:&quot;Canon EOS 7D&quot;,&quot;caption&quot;:&quot;&quot;,&quot;created_timestamp&quot;:&quot;1478691930&quot;,&quot;copyright&quot;:&quot;&quot;,&quot;focal_length&quot;:&quot;300&quot;,&quot;iso&quot;:&quot;2500&quot;,&quot;shutter_speed&quot;:&quot;0.0008&quot;,&quot;title&quot;:&quot;&quot;,&quot;orientation&quot;:&quot;1&quot;}\" data-image-title=\"img_2636-large\" data-image-description=\"\" data-image-caption=\"\" data-medium-file=\"https:\/\/i0.wp.com\/glacas.fr\/mangeoire\/wp-content\/uploads\/sites\/6\/2016\/11\/IMG_2636-Large.jpg?fit=300%2C249\" data-large-file=\"https:\/\/i0.wp.com\/glacas.fr\/mangeoire\/wp-content\/uploads\/sites\/6\/2016\/11\/IMG_2636-Large.jpg?fit=648%2C537\" class=\"alignnone size-full wp-image-763 colorbox-785\" src=\"https:\/\/i0.wp.com\/glacas.fr\/mangeoire\/wp-content\/uploads\/sites\/6\/2016\/11\/IMG_2636-Large.jpg?resize=648%2C538\" alt=\"img_2636-large\" width=\"648\" height=\"538\" srcset=\"https:\/\/i0.wp.com\/glacas.fr\/mangeoire\/wp-content\/uploads\/sites\/6\/2016\/11\/IMG_2636-Large.jpg?w=1302 1302w, https:\/\/i0.wp.com\/glacas.fr\/mangeoire\/wp-content\/uploads\/sites\/6\/2016\/11\/IMG_2636-Large.jpg?resize=300%2C249 300w, https:\/\/i0.wp.com\/glacas.fr\/mangeoire\/wp-content\/uploads\/sites\/6\/2016\/11\/IMG_2636-Large.jpg?resize=1024%2C849 1024w\" sizes=\"auto, (max-width: 648px) 100vw, 648px\" \/><\/a><\/p>\n<p>J&rsquo;\u00e9tais litt\u00e9ralement scotch\u00e9 \u00e0 l\u2019\u0153illeton de mon appareil photo&#8230;<\/p>\n<p>Mais bon, vu que je n&rsquo;approvisionne qu&rsquo;avec des graines de tournesol et vu la taille de son bec, je me disais qu&rsquo;elle allait voir ce qu&rsquo;il y avait l\u00e0 et puis repartir d\u00e9pit\u00e9e&#8230;<\/p>\n<p>C&rsquo;\u00e9tait mal conna\u00eetre ce corvid\u00e9&#8230; je la vis farfouiller all\u00e9grement dans le tas de graines,<\/p>\n<p><a href=\"http:\/\/glacas.fr\/mangeoire\/img_2689-large\/\" rel=\"attachment wp-att-780\"><img data-recalc-dims=\"1\" loading=\"lazy\" decoding=\"async\" data-attachment-id=\"780\" data-permalink=\"http:\/\/glacas.fr\/mangeoire\/img_2689-large\/\" data-orig-file=\"https:\/\/i0.wp.com\/glacas.fr\/mangeoire\/wp-content\/uploads\/sites\/6\/2016\/11\/IMG_2689-Large.jpg?fit=1620%2C1080\" data-orig-size=\"1620,1080\" data-comments-opened=\"1\" data-image-meta=\"{&quot;aperture&quot;:&quot;4.5&quot;,&quot;credit&quot;:&quot;COSTA.Florent&quot;,&quot;camera&quot;:&quot;Canon EOS 7D&quot;,&quot;caption&quot;:&quot;&quot;,&quot;created_timestamp&quot;:&quot;1478692093&quot;,&quot;copyright&quot;:&quot;&quot;,&quot;focal_length&quot;:&quot;300&quot;,&quot;iso&quot;:&quot;2000&quot;,&quot;shutter_speed&quot;:&quot;0.0008&quot;,&quot;title&quot;:&quot;&quot;,&quot;orientation&quot;:&quot;1&quot;}\" data-image-title=\"img_2689-large\" data-image-description=\"\" data-image-caption=\"\" data-medium-file=\"https:\/\/i0.wp.com\/glacas.fr\/mangeoire\/wp-content\/uploads\/sites\/6\/2016\/11\/IMG_2689-Large.jpg?fit=300%2C200\" data-large-file=\"https:\/\/i0.wp.com\/glacas.fr\/mangeoire\/wp-content\/uploads\/sites\/6\/2016\/11\/IMG_2689-Large.jpg?fit=648%2C432\" class=\"alignnone size-full wp-image-780 colorbox-785\" src=\"https:\/\/i0.wp.com\/glacas.fr\/mangeoire\/wp-content\/uploads\/sites\/6\/2016\/11\/IMG_2689-Large.jpg?resize=648%2C432\" alt=\"img_2689-large\" width=\"648\" height=\"432\" srcset=\"https:\/\/i0.wp.com\/glacas.fr\/mangeoire\/wp-content\/uploads\/sites\/6\/2016\/11\/IMG_2689-Large.jpg?w=1620 1620w, https:\/\/i0.wp.com\/glacas.fr\/mangeoire\/wp-content\/uploads\/sites\/6\/2016\/11\/IMG_2689-Large.jpg?resize=300%2C200 300w, https:\/\/i0.wp.com\/glacas.fr\/mangeoire\/wp-content\/uploads\/sites\/6\/2016\/11\/IMG_2689-Large.jpg?resize=1024%2C683 1024w, https:\/\/i0.wp.com\/glacas.fr\/mangeoire\/wp-content\/uploads\/sites\/6\/2016\/11\/IMG_2689-Large.jpg?w=1296 1296w\" sizes=\"auto, (max-width: 648px) 100vw, 648px\" \/><\/a><\/p>\n<p>Et se mettre \u00e0 manger consciencieusement, les pourtant si petites graines&#8230;<\/p>\n<p><a href=\"http:\/\/glacas.fr\/mangeoire\/img_2660-large\/\" rel=\"attachment wp-att-765\"><img data-recalc-dims=\"1\" loading=\"lazy\" decoding=\"async\" data-attachment-id=\"765\" data-permalink=\"http:\/\/glacas.fr\/mangeoire\/img_2660-large\/\" data-orig-file=\"https:\/\/i0.wp.com\/glacas.fr\/mangeoire\/wp-content\/uploads\/sites\/6\/2016\/11\/IMG_2660-Large.jpg?fit=1443%2C1080\" data-orig-size=\"1443,1080\" data-comments-opened=\"1\" data-image-meta=\"{&quot;aperture&quot;:&quot;4.5&quot;,&quot;credit&quot;:&quot;COSTA.Florent&quot;,&quot;camera&quot;:&quot;Canon EOS 7D&quot;,&quot;caption&quot;:&quot;&quot;,&quot;created_timestamp&quot;:&quot;1478692013&quot;,&quot;copyright&quot;:&quot;&quot;,&quot;focal_length&quot;:&quot;300&quot;,&quot;iso&quot;:&quot;2500&quot;,&quot;shutter_speed&quot;:&quot;0.0008&quot;,&quot;title&quot;:&quot;&quot;,&quot;orientation&quot;:&quot;1&quot;}\" data-image-title=\"img_2660-large\" data-image-description=\"\" data-image-caption=\"\" data-medium-file=\"https:\/\/i0.wp.com\/glacas.fr\/mangeoire\/wp-content\/uploads\/sites\/6\/2016\/11\/IMG_2660-Large.jpg?fit=300%2C225\" data-large-file=\"https:\/\/i0.wp.com\/glacas.fr\/mangeoire\/wp-content\/uploads\/sites\/6\/2016\/11\/IMG_2660-Large.jpg?fit=648%2C485\" class=\"alignnone size-full wp-image-765 colorbox-785\" src=\"https:\/\/i0.wp.com\/glacas.fr\/mangeoire\/wp-content\/uploads\/sites\/6\/2016\/11\/IMG_2660-Large.jpg?resize=648%2C485\" alt=\"img_2660-large\" width=\"648\" height=\"485\" srcset=\"https:\/\/i0.wp.com\/glacas.fr\/mangeoire\/wp-content\/uploads\/sites\/6\/2016\/11\/IMG_2660-Large.jpg?w=1443 1443w, https:\/\/i0.wp.com\/glacas.fr\/mangeoire\/wp-content\/uploads\/sites\/6\/2016\/11\/IMG_2660-Large.jpg?resize=300%2C225 300w, https:\/\/i0.wp.com\/glacas.fr\/mangeoire\/wp-content\/uploads\/sites\/6\/2016\/11\/IMG_2660-Large.jpg?resize=1024%2C766 1024w, https:\/\/i0.wp.com\/glacas.fr\/mangeoire\/wp-content\/uploads\/sites\/6\/2016\/11\/IMG_2660-Large.jpg?w=1296 1296w\" sizes=\"auto, (max-width: 648px) 100vw, 648px\" \/><\/a><\/p>\n<p style=\"text-align: justify;\">Bien sur, il y eu quelques rat\u00e9s et des graines qui lui \u00e9chapp\u00e8rent :<\/p>\n<p><a href=\"http:\/\/glacas.fr\/mangeoire\/img_2681-large\/\" rel=\"attachment wp-att-766\"><img data-recalc-dims=\"1\" loading=\"lazy\" decoding=\"async\" data-attachment-id=\"766\" data-permalink=\"http:\/\/glacas.fr\/mangeoire\/img_2681-large\/\" data-orig-file=\"https:\/\/i0.wp.com\/glacas.fr\/mangeoire\/wp-content\/uploads\/sites\/6\/2016\/11\/IMG_2681-Large.jpg?fit=1470%2C1080\" data-orig-size=\"1470,1080\" data-comments-opened=\"1\" data-image-meta=\"{&quot;aperture&quot;:&quot;4.5&quot;,&quot;credit&quot;:&quot;COSTA.Florent&quot;,&quot;camera&quot;:&quot;Canon EOS 7D&quot;,&quot;caption&quot;:&quot;&quot;,&quot;created_timestamp&quot;:&quot;1478692039&quot;,&quot;copyright&quot;:&quot;&quot;,&quot;focal_length&quot;:&quot;300&quot;,&quot;iso&quot;:&quot;2500&quot;,&quot;shutter_speed&quot;:&quot;0.0008&quot;,&quot;title&quot;:&quot;&quot;,&quot;orientation&quot;:&quot;1&quot;}\" data-image-title=\"img_2681-large\" data-image-description=\"\" data-image-caption=\"\" data-medium-file=\"https:\/\/i0.wp.com\/glacas.fr\/mangeoire\/wp-content\/uploads\/sites\/6\/2016\/11\/IMG_2681-Large.jpg?fit=300%2C220\" data-large-file=\"https:\/\/i0.wp.com\/glacas.fr\/mangeoire\/wp-content\/uploads\/sites\/6\/2016\/11\/IMG_2681-Large.jpg?fit=648%2C476\" class=\"alignnone size-full wp-image-766 colorbox-785\" src=\"https:\/\/i0.wp.com\/glacas.fr\/mangeoire\/wp-content\/uploads\/sites\/6\/2016\/11\/IMG_2681-Large.jpg?resize=648%2C476\" alt=\"img_2681-large\" width=\"648\" height=\"476\" srcset=\"https:\/\/i0.wp.com\/glacas.fr\/mangeoire\/wp-content\/uploads\/sites\/6\/2016\/11\/IMG_2681-Large.jpg?w=1470 1470w, https:\/\/i0.wp.com\/glacas.fr\/mangeoire\/wp-content\/uploads\/sites\/6\/2016\/11\/IMG_2681-Large.jpg?resize=300%2C220 300w, https:\/\/i0.wp.com\/glacas.fr\/mangeoire\/wp-content\/uploads\/sites\/6\/2016\/11\/IMG_2681-Large.jpg?resize=1024%2C752 1024w, https:\/\/i0.wp.com\/glacas.fr\/mangeoire\/wp-content\/uploads\/sites\/6\/2016\/11\/IMG_2681-Large.jpg?w=1296 1296w\" sizes=\"auto, (max-width: 648px) 100vw, 648px\" \/><\/a><\/p>\n<p style=\"text-align: justify;\">Mais, elle mangea au moins une douzaine de graines avec une satisfaction quasi visible&#8230;<\/p>\n<p><a href=\"http:\/\/glacas.fr\/mangeoire\/img_2603-large\/\" rel=\"attachment wp-att-762\"><img data-recalc-dims=\"1\" loading=\"lazy\" decoding=\"async\" data-attachment-id=\"762\" data-permalink=\"http:\/\/glacas.fr\/mangeoire\/img_2603-large\/\" data-orig-file=\"https:\/\/i0.wp.com\/glacas.fr\/mangeoire\/wp-content\/uploads\/sites\/6\/2016\/11\/IMG_2603-Large.jpg?fit=1319%2C1080\" data-orig-size=\"1319,1080\" data-comments-opened=\"1\" data-image-meta=\"{&quot;aperture&quot;:&quot;4&quot;,&quot;credit&quot;:&quot;COSTA.Florent&quot;,&quot;camera&quot;:&quot;Canon EOS 7D&quot;,&quot;caption&quot;:&quot;&quot;,&quot;created_timestamp&quot;:&quot;1478691317&quot;,&quot;copyright&quot;:&quot;&quot;,&quot;focal_length&quot;:&quot;300&quot;,&quot;iso&quot;:&quot;2500&quot;,&quot;shutter_speed&quot;:&quot;0.001&quot;,&quot;title&quot;:&quot;&quot;,&quot;orientation&quot;:&quot;1&quot;}\" data-image-title=\"img_2603-large\" data-image-description=\"\" data-image-caption=\"\" data-medium-file=\"https:\/\/i0.wp.com\/glacas.fr\/mangeoire\/wp-content\/uploads\/sites\/6\/2016\/11\/IMG_2603-Large.jpg?fit=300%2C246\" data-large-file=\"https:\/\/i0.wp.com\/glacas.fr\/mangeoire\/wp-content\/uploads\/sites\/6\/2016\/11\/IMG_2603-Large.jpg?fit=648%2C530\" class=\"alignnone size-full wp-image-762 colorbox-785\" src=\"https:\/\/i0.wp.com\/glacas.fr\/mangeoire\/wp-content\/uploads\/sites\/6\/2016\/11\/IMG_2603-Large.jpg?resize=648%2C531\" alt=\"img_2603-large\" width=\"648\" height=\"531\" srcset=\"https:\/\/i0.wp.com\/glacas.fr\/mangeoire\/wp-content\/uploads\/sites\/6\/2016\/11\/IMG_2603-Large.jpg?w=1319 1319w, https:\/\/i0.wp.com\/glacas.fr\/mangeoire\/wp-content\/uploads\/sites\/6\/2016\/11\/IMG_2603-Large.jpg?resize=300%2C246 300w, https:\/\/i0.wp.com\/glacas.fr\/mangeoire\/wp-content\/uploads\/sites\/6\/2016\/11\/IMG_2603-Large.jpg?resize=1024%2C838 1024w\" sizes=\"auto, (max-width: 648px) 100vw, 648px\" \/><\/a><\/p>\n<p style=\"text-align: justify;\">Au bout de cinq bonne minutes, alors que je bataillais toujours avec mes r\u00e9glages et mon pied pour am\u00e9liorer la prise de vue, d&rsquo;un coup d&rsquo;ailes toujours l\u00e9ger, elle d\u00e9colla, non sans emmener une derni\u00e8re graine pour la route&#8230;<\/p>\n<p><a href=\"http:\/\/glacas.fr\/mangeoire\/img_2694-large\/\" rel=\"attachment wp-att-768\"><img data-recalc-dims=\"1\" loading=\"lazy\" decoding=\"async\" data-attachment-id=\"768\" data-permalink=\"http:\/\/glacas.fr\/mangeoire\/img_2694-large\/\" data-orig-file=\"https:\/\/i0.wp.com\/glacas.fr\/mangeoire\/wp-content\/uploads\/sites\/6\/2016\/11\/IMG_2694-Large.jpg?fit=1620%2C1080\" data-orig-size=\"1620,1080\" data-comments-opened=\"1\" data-image-meta=\"{&quot;aperture&quot;:&quot;4&quot;,&quot;credit&quot;:&quot;COSTA.Florent&quot;,&quot;camera&quot;:&quot;Canon EOS 7D&quot;,&quot;caption&quot;:&quot;&quot;,&quot;created_timestamp&quot;:&quot;1478692103&quot;,&quot;copyright&quot;:&quot;&quot;,&quot;focal_length&quot;:&quot;300&quot;,&quot;iso&quot;:&quot;800&quot;,&quot;shutter_speed&quot;:&quot;0.0008&quot;,&quot;title&quot;:&quot;&quot;,&quot;orientation&quot;:&quot;1&quot;}\" data-image-title=\"img_2694-large\" data-image-description=\"\" data-image-caption=\"\" data-medium-file=\"https:\/\/i0.wp.com\/glacas.fr\/mangeoire\/wp-content\/uploads\/sites\/6\/2016\/11\/IMG_2694-Large.jpg?fit=300%2C200\" data-large-file=\"https:\/\/i0.wp.com\/glacas.fr\/mangeoire\/wp-content\/uploads\/sites\/6\/2016\/11\/IMG_2694-Large.jpg?fit=648%2C432\" class=\"alignnone size-full wp-image-768 colorbox-785\" src=\"https:\/\/i0.wp.com\/glacas.fr\/mangeoire\/wp-content\/uploads\/sites\/6\/2016\/11\/IMG_2694-Large.jpg?resize=648%2C432\" alt=\"img_2694-large\" width=\"648\" height=\"432\" srcset=\"https:\/\/i0.wp.com\/glacas.fr\/mangeoire\/wp-content\/uploads\/sites\/6\/2016\/11\/IMG_2694-Large.jpg?w=1620 1620w, https:\/\/i0.wp.com\/glacas.fr\/mangeoire\/wp-content\/uploads\/sites\/6\/2016\/11\/IMG_2694-Large.jpg?resize=300%2C200 300w, https:\/\/i0.wp.com\/glacas.fr\/mangeoire\/wp-content\/uploads\/sites\/6\/2016\/11\/IMG_2694-Large.jpg?resize=1024%2C683 1024w, https:\/\/i0.wp.com\/glacas.fr\/mangeoire\/wp-content\/uploads\/sites\/6\/2016\/11\/IMG_2694-Large.jpg?w=1296 1296w\" sizes=\"auto, (max-width: 648px) 100vw, 648px\" \/><\/a><\/p>\n<p style=\"text-align: justify;\">Elle alla se percher sur une branche proche de mon cerisier o\u00f9 elle d\u00e9gusta cette graine tranquillement, avant de s&rsquo;envoler, sans doute vers d&rsquo;autres sources de nourriture.<\/p>\n<p><a href=\"http:\/\/glacas.fr\/mangeoire\/img_2657-large\/\" rel=\"attachment wp-att-764\"><img data-recalc-dims=\"1\" loading=\"lazy\" decoding=\"async\" data-attachment-id=\"764\" data-permalink=\"http:\/\/glacas.fr\/mangeoire\/img_2657-large\/\" data-orig-file=\"https:\/\/i0.wp.com\/glacas.fr\/mangeoire\/wp-content\/uploads\/sites\/6\/2016\/11\/IMG_2657-Large.jpg?fit=1468%2C1080\" data-orig-size=\"1468,1080\" data-comments-opened=\"1\" data-image-meta=\"{&quot;aperture&quot;:&quot;4&quot;,&quot;credit&quot;:&quot;COSTA.Florent&quot;,&quot;camera&quot;:&quot;Canon EOS 7D&quot;,&quot;caption&quot;:&quot;&quot;,&quot;created_timestamp&quot;:&quot;1478692006&quot;,&quot;copyright&quot;:&quot;&quot;,&quot;focal_length&quot;:&quot;300&quot;,&quot;iso&quot;:&quot;500&quot;,&quot;shutter_speed&quot;:&quot;0.0008&quot;,&quot;title&quot;:&quot;&quot;,&quot;orientation&quot;:&quot;1&quot;}\" data-image-title=\"img_2657-large\" data-image-description=\"\" data-image-caption=\"\" data-medium-file=\"https:\/\/i0.wp.com\/glacas.fr\/mangeoire\/wp-content\/uploads\/sites\/6\/2016\/11\/IMG_2657-Large.jpg?fit=300%2C221\" data-large-file=\"https:\/\/i0.wp.com\/glacas.fr\/mangeoire\/wp-content\/uploads\/sites\/6\/2016\/11\/IMG_2657-Large.jpg?fit=648%2C477\" class=\"alignnone size-full wp-image-764 colorbox-785\" src=\"https:\/\/i0.wp.com\/glacas.fr\/mangeoire\/wp-content\/uploads\/sites\/6\/2016\/11\/IMG_2657-Large.jpg?resize=648%2C477\" alt=\"img_2657-large\" width=\"648\" height=\"477\" srcset=\"https:\/\/i0.wp.com\/glacas.fr\/mangeoire\/wp-content\/uploads\/sites\/6\/2016\/11\/IMG_2657-Large.jpg?w=1468 1468w, https:\/\/i0.wp.com\/glacas.fr\/mangeoire\/wp-content\/uploads\/sites\/6\/2016\/11\/IMG_2657-Large.jpg?resize=300%2C221 300w, https:\/\/i0.wp.com\/glacas.fr\/mangeoire\/wp-content\/uploads\/sites\/6\/2016\/11\/IMG_2657-Large.jpg?resize=1024%2C753 1024w, https:\/\/i0.wp.com\/glacas.fr\/mangeoire\/wp-content\/uploads\/sites\/6\/2016\/11\/IMG_2657-Large.jpg?w=1296 1296w\" sizes=\"auto, (max-width: 648px) 100vw, 648px\" \/><\/a><\/p>\n<p>M\u00eame apr\u00e8s plusieurs minutes, j&rsquo;\u00e9tais encore tout estabouzit (comme on dit chez moi dans la Montagne Noire) par cette rencontre inattendue&#8230;<\/p>\n<p>Et je me disais que pour une premi\u00e8re journ\u00e9e de la saison II des \u00ab\u00a0Chroniques de la mangeoire\u00a0\u00bb,\u00a0 \u00e7a commen\u00e7ais plut\u00f4t bien&#8230;<\/p>\n<p>Vous ne trouvez pas ?<\/p>\n","protected":false},"excerpt":{"rendered":"<p>Aujourd&rsquo;hui 9 novembre 2016, la neige s&rsquo;est invit\u00e9e sur le Vercors et j&rsquo;ai d\u00e9cid\u00e9 de r\u00e9activer quelques unes des mangeoires. J&rsquo;ai \u00e9galement rouvert cette chronique pour vous faire partager durant tout l&rsquo;hiver, la saison II des aventures des visiteurs de mon jardin. Et comme on ne fait pas les choses \u00e0\u00a0 moiti\u00e9 dans \u00ab\u00a0Chroniques de la mangeoire\u00a0\u00bb, une star inconnue des plateaux est venue pour la premi\u00e8re fois nous rendre visite : la pie bavarde !<\/p>\n","protected":false},"author":1,"featured_media":0,"comment_status":"open","ping_status":"open","sticky":false,"template":"","format":"standard","meta":{"ngg_post_thumbnail":0,"jetpack_post_was_ever_published":false,"footnotes":"","_links_to":"","_links_to_target":""},"categories":[3,5],"tags":[],"class_list":["post-785","post","type-post","status-publish","format-standard","hentry","category-portrait-de-piaf","category-tous","gallery-content-unit"],"aioseo_notices":[],"yoast_head":"<!-- This site is optimized with the Yoast SEO plugin v27.1.1 - https:\/\/yoast.com\/product\/yoast-seo-wordpress\/ -->\n<title>Une premi\u00e8re surprise pour ouvrir la saison II ! - Chroniques de la mangeoire<\/title>\n<meta name=\"robots\" content=\"index, follow, max-snippet:-1, max-image-preview:large, max-video-preview:-1\" \/>\n<link rel=\"canonical\" href=\"http:\/\/glacas.fr\/mangeoire\/2016\/11\/20\/premiere-surprise-ouvrir-saison-ii\/\" \/>\n<meta property=\"og:locale\" content=\"fr_FR\" \/>\n<meta property=\"og:type\" content=\"article\" \/>\n<meta property=\"og:title\" content=\"Une premi\u00e8re surprise pour ouvrir la saison II ! - Chroniques de la mangeoire\" \/>\n<meta property=\"og:description\" content=\"Aujourd&rsquo;hui 9 novembre 2016, la neige s&rsquo;est invit\u00e9e sur le Vercors et j&rsquo;ai d\u00e9cid\u00e9 de r\u00e9activer quelques unes des mangeoires. J&rsquo;ai \u00e9galement rouvert cette chronique pour vous faire partager durant tout l&rsquo;hiver, la saison II des aventures des visiteurs de mon jardin. Et comme on ne fait pas les choses \u00e0\u00a0 moiti\u00e9 dans \u00ab\u00a0Chroniques de la mangeoire\u00a0\u00bb, une star inconnue des plateaux est venue pour la premi\u00e8re fois nous rendre visite : la pie bavarde !\" \/>\n<meta property=\"og:url\" content=\"http:\/\/glacas.fr\/mangeoire\/2016\/11\/20\/premiere-surprise-ouvrir-saison-ii\/\" \/>\n<meta property=\"og:site_name\" content=\"Chroniques de la mangeoire\" \/>\n<meta property=\"article:published_time\" content=\"2016-11-20T19:01:52+00:00\" \/>\n<meta property=\"article:modified_time\" content=\"2017-01-31T13:34:35+00:00\" \/>\n<meta property=\"og:image\" content=\"http:\/\/glacas.fr\/mangeoire\/wp-content\/uploads\/sites\/6\/2016\/11\/IMG_2636-Large.jpg\" \/>\n<meta name=\"author\" content=\"Florent\" \/>\n<meta name=\"twitter:card\" content=\"summary_large_image\" \/>\n<meta name=\"twitter:label1\" content=\"\u00c9crit par\" \/>\n\t<meta name=\"twitter:data1\" content=\"Florent\" \/>\n\t<meta name=\"twitter:label2\" content=\"Dur\u00e9e de lecture estim\u00e9e\" \/>\n\t<meta name=\"twitter:data2\" content=\"3 minutes\" \/>\n<script type=\"application\/ld+json\" class=\"yoast-schema-graph\">{\"@context\":\"https:\/\/schema.org\",\"@graph\":[{\"@type\":\"Article\",\"@id\":\"http:\/\/glacas.fr\/mangeoire\/2016\/11\/20\/premiere-surprise-ouvrir-saison-ii\/#article\",\"isPartOf\":{\"@id\":\"http:\/\/glacas.fr\/mangeoire\/2016\/11\/20\/premiere-surprise-ouvrir-saison-ii\/\"},\"author\":{\"name\":\"Florent\",\"@id\":\"https:\/\/glacas.fr\/mangeoire\/#\/schema\/person\/a12f518914d98efb04e0dd37a31849e5\"},\"headline\":\"Une premi\u00e8re surprise pour ouvrir la saison II !\",\"datePublished\":\"2016-11-20T19:01:52+00:00\",\"dateModified\":\"2017-01-31T13:34:35+00:00\",\"mainEntityOfPage\":{\"@id\":\"http:\/\/glacas.fr\/mangeoire\/2016\/11\/20\/premiere-surprise-ouvrir-saison-ii\/\"},\"wordCount\":692,\"commentCount\":1,\"image\":{\"@id\":\"http:\/\/glacas.fr\/mangeoire\/2016\/11\/20\/premiere-surprise-ouvrir-saison-ii\/#primaryimage\"},\"thumbnailUrl\":\"http:\/\/glacas.fr\/mangeoire\/wp-content\/uploads\/sites\/6\/2016\/11\/IMG_2636-Large.jpg\",\"articleSection\":[\"Portrait de piaf\",\"Tous\"],\"inLanguage\":\"fr-FR\",\"potentialAction\":[{\"@type\":\"CommentAction\",\"name\":\"Comment\",\"target\":[\"http:\/\/glacas.fr\/mangeoire\/2016\/11\/20\/premiere-surprise-ouvrir-saison-ii\/#respond\"]}]},{\"@type\":\"WebPage\",\"@id\":\"http:\/\/glacas.fr\/mangeoire\/2016\/11\/20\/premiere-surprise-ouvrir-saison-ii\/\",\"url\":\"http:\/\/glacas.fr\/mangeoire\/2016\/11\/20\/premiere-surprise-ouvrir-saison-ii\/\",\"name\":\"Une premi\u00e8re surprise pour ouvrir la saison II ! - Chroniques de la mangeoire\",\"isPartOf\":{\"@id\":\"https:\/\/glacas.fr\/mangeoire\/#website\"},\"primaryImageOfPage\":{\"@id\":\"http:\/\/glacas.fr\/mangeoire\/2016\/11\/20\/premiere-surprise-ouvrir-saison-ii\/#primaryimage\"},\"image\":{\"@id\":\"http:\/\/glacas.fr\/mangeoire\/2016\/11\/20\/premiere-surprise-ouvrir-saison-ii\/#primaryimage\"},\"thumbnailUrl\":\"http:\/\/glacas.fr\/mangeoire\/wp-content\/uploads\/sites\/6\/2016\/11\/IMG_2636-Large.jpg\",\"datePublished\":\"2016-11-20T19:01:52+00:00\",\"dateModified\":\"2017-01-31T13:34:35+00:00\",\"author\":{\"@id\":\"https:\/\/glacas.fr\/mangeoire\/#\/schema\/person\/a12f518914d98efb04e0dd37a31849e5\"},\"breadcrumb\":{\"@id\":\"http:\/\/glacas.fr\/mangeoire\/2016\/11\/20\/premiere-surprise-ouvrir-saison-ii\/#breadcrumb\"},\"inLanguage\":\"fr-FR\",\"potentialAction\":[{\"@type\":\"ReadAction\",\"target\":[\"http:\/\/glacas.fr\/mangeoire\/2016\/11\/20\/premiere-surprise-ouvrir-saison-ii\/\"]}]},{\"@type\":\"ImageObject\",\"inLanguage\":\"fr-FR\",\"@id\":\"http:\/\/glacas.fr\/mangeoire\/2016\/11\/20\/premiere-surprise-ouvrir-saison-ii\/#primaryimage\",\"url\":\"https:\/\/i0.wp.com\/glacas.fr\/mangeoire\/wp-content\/uploads\/sites\/6\/2016\/11\/IMG_2636-Large.jpg?fit=1302%2C1080\",\"contentUrl\":\"https:\/\/i0.wp.com\/glacas.fr\/mangeoire\/wp-content\/uploads\/sites\/6\/2016\/11\/IMG_2636-Large.jpg?fit=1302%2C1080\",\"width\":1302,\"height\":1080},{\"@type\":\"BreadcrumbList\",\"@id\":\"http:\/\/glacas.fr\/mangeoire\/2016\/11\/20\/premiere-surprise-ouvrir-saison-ii\/#breadcrumb\",\"itemListElement\":[{\"@type\":\"ListItem\",\"position\":1,\"name\":\"Accueil\",\"item\":\"https:\/\/glacas.fr\/mangeoire\/\"},{\"@type\":\"ListItem\",\"position\":2,\"name\":\"Une premi\u00e8re surprise pour ouvrir la saison II !\"}]},{\"@type\":\"WebSite\",\"@id\":\"https:\/\/glacas.fr\/mangeoire\/#website\",\"url\":\"https:\/\/glacas.fr\/mangeoire\/\",\"name\":\"Chroniques de la mangeoire\",\"description\":\"\",\"potentialAction\":[{\"@type\":\"SearchAction\",\"target\":{\"@type\":\"EntryPoint\",\"urlTemplate\":\"https:\/\/glacas.fr\/mangeoire\/?s={search_term_string}\"},\"query-input\":{\"@type\":\"PropertyValueSpecification\",\"valueRequired\":true,\"valueName\":\"search_term_string\"}}],\"inLanguage\":\"fr-FR\"},{\"@type\":\"Person\",\"@id\":\"https:\/\/glacas.fr\/mangeoire\/#\/schema\/person\/a12f518914d98efb04e0dd37a31849e5\",\"name\":\"Florent\",\"image\":{\"@type\":\"ImageObject\",\"inLanguage\":\"fr-FR\",\"@id\":\"https:\/\/glacas.fr\/mangeoire\/#\/schema\/person\/image\/\",\"url\":\"https:\/\/secure.gravatar.com\/avatar\/2c893d93f7e805427cfd7b9d3503520838217f30be1306d3ff5e3a93bb6a797b?s=96&d=mm&r=g\",\"contentUrl\":\"https:\/\/secure.gravatar.com\/avatar\/2c893d93f7e805427cfd7b9d3503520838217f30be1306d3ff5e3a93bb6a797b?s=96&d=mm&r=g\",\"caption\":\"Florent\"},\"url\":\"http:\/\/glacas.fr\/mangeoire\/author\/admin\/\"}]}<\/script>\n<!-- \/ Yoast SEO plugin. -->","yoast_head_json":{"title":"Une premi\u00e8re surprise pour ouvrir la saison II ! - Chroniques de la mangeoire","robots":{"index":"index","follow":"follow","max-snippet":"max-snippet:-1","max-image-preview":"max-image-preview:large","max-video-preview":"max-video-preview:-1"},"canonical":"http:\/\/glacas.fr\/mangeoire\/2016\/11\/20\/premiere-surprise-ouvrir-saison-ii\/","og_locale":"fr_FR","og_type":"article","og_title":"Une premi\u00e8re surprise pour ouvrir la saison II ! - Chroniques de la mangeoire","og_description":"Aujourd&rsquo;hui 9 novembre 2016, la neige s&rsquo;est invit\u00e9e sur le Vercors et j&rsquo;ai d\u00e9cid\u00e9 de r\u00e9activer quelques unes des mangeoires. J&rsquo;ai \u00e9galement rouvert cette chronique pour vous faire partager durant tout l&rsquo;hiver, la saison II des aventures des visiteurs de mon jardin. Et comme on ne fait pas les choses \u00e0\u00a0 moiti\u00e9 dans \u00ab\u00a0Chroniques de la mangeoire\u00a0\u00bb, une star inconnue des plateaux est venue pour la premi\u00e8re fois nous rendre visite : la pie bavarde !","og_url":"http:\/\/glacas.fr\/mangeoire\/2016\/11\/20\/premiere-surprise-ouvrir-saison-ii\/","og_site_name":"Chroniques de la mangeoire","article_published_time":"2016-11-20T19:01:52+00:00","article_modified_time":"2017-01-31T13:34:35+00:00","og_image":[{"url":"http:\/\/glacas.fr\/mangeoire\/wp-content\/uploads\/sites\/6\/2016\/11\/IMG_2636-Large.jpg","type":"","width":"","height":""}],"author":"Florent","twitter_card":"summary_large_image","twitter_misc":{"\u00c9crit par":"Florent","Dur\u00e9e de lecture estim\u00e9e":"3 minutes"},"schema":{"@context":"https:\/\/schema.org","@graph":[{"@type":"Article","@id":"http:\/\/glacas.fr\/mangeoire\/2016\/11\/20\/premiere-surprise-ouvrir-saison-ii\/#article","isPartOf":{"@id":"http:\/\/glacas.fr\/mangeoire\/2016\/11\/20\/premiere-surprise-ouvrir-saison-ii\/"},"author":{"name":"Florent","@id":"https:\/\/glacas.fr\/mangeoire\/#\/schema\/person\/a12f518914d98efb04e0dd37a31849e5"},"headline":"Une premi\u00e8re surprise pour ouvrir la saison II !","datePublished":"2016-11-20T19:01:52+00:00","dateModified":"2017-01-31T13:34:35+00:00","mainEntityOfPage":{"@id":"http:\/\/glacas.fr\/mangeoire\/2016\/11\/20\/premiere-surprise-ouvrir-saison-ii\/"},"wordCount":692,"commentCount":1,"image":{"@id":"http:\/\/glacas.fr\/mangeoire\/2016\/11\/20\/premiere-surprise-ouvrir-saison-ii\/#primaryimage"},"thumbnailUrl":"http:\/\/glacas.fr\/mangeoire\/wp-content\/uploads\/sites\/6\/2016\/11\/IMG_2636-Large.jpg","articleSection":["Portrait de piaf","Tous"],"inLanguage":"fr-FR","potentialAction":[{"@type":"CommentAction","name":"Comment","target":["http:\/\/glacas.fr\/mangeoire\/2016\/11\/20\/premiere-surprise-ouvrir-saison-ii\/#respond"]}]},{"@type":"WebPage","@id":"http:\/\/glacas.fr\/mangeoire\/2016\/11\/20\/premiere-surprise-ouvrir-saison-ii\/","url":"http:\/\/glacas.fr\/mangeoire\/2016\/11\/20\/premiere-surprise-ouvrir-saison-ii\/","name":"Une premi\u00e8re surprise pour ouvrir la saison II ! - Chroniques de la mangeoire","isPartOf":{"@id":"https:\/\/glacas.fr\/mangeoire\/#website"},"primaryImageOfPage":{"@id":"http:\/\/glacas.fr\/mangeoire\/2016\/11\/20\/premiere-surprise-ouvrir-saison-ii\/#primaryimage"},"image":{"@id":"http:\/\/glacas.fr\/mangeoire\/2016\/11\/20\/premiere-surprise-ouvrir-saison-ii\/#primaryimage"},"thumbnailUrl":"http:\/\/glacas.fr\/mangeoire\/wp-content\/uploads\/sites\/6\/2016\/11\/IMG_2636-Large.jpg","datePublished":"2016-11-20T19:01:52+00:00","dateModified":"2017-01-31T13:34:35+00:00","author":{"@id":"https:\/\/glacas.fr\/mangeoire\/#\/schema\/person\/a12f518914d98efb04e0dd37a31849e5"},"breadcrumb":{"@id":"http:\/\/glacas.fr\/mangeoire\/2016\/11\/20\/premiere-surprise-ouvrir-saison-ii\/#breadcrumb"},"inLanguage":"fr-FR","potentialAction":[{"@type":"ReadAction","target":["http:\/\/glacas.fr\/mangeoire\/2016\/11\/20\/premiere-surprise-ouvrir-saison-ii\/"]}]},{"@type":"ImageObject","inLanguage":"fr-FR","@id":"http:\/\/glacas.fr\/mangeoire\/2016\/11\/20\/premiere-surprise-ouvrir-saison-ii\/#primaryimage","url":"https:\/\/i0.wp.com\/glacas.fr\/mangeoire\/wp-content\/uploads\/sites\/6\/2016\/11\/IMG_2636-Large.jpg?fit=1302%2C1080","contentUrl":"https:\/\/i0.wp.com\/glacas.fr\/mangeoire\/wp-content\/uploads\/sites\/6\/2016\/11\/IMG_2636-Large.jpg?fit=1302%2C1080","width":1302,"height":1080},{"@type":"BreadcrumbList","@id":"http:\/\/glacas.fr\/mangeoire\/2016\/11\/20\/premiere-surprise-ouvrir-saison-ii\/#breadcrumb","itemListElement":[{"@type":"ListItem","position":1,"name":"Accueil","item":"https:\/\/glacas.fr\/mangeoire\/"},{"@type":"ListItem","position":2,"name":"Une premi\u00e8re surprise pour ouvrir la saison II !"}]},{"@type":"WebSite","@id":"https:\/\/glacas.fr\/mangeoire\/#website","url":"https:\/\/glacas.fr\/mangeoire\/","name":"Chroniques de la mangeoire","description":"","potentialAction":[{"@type":"SearchAction","target":{"@type":"EntryPoint","urlTemplate":"https:\/\/glacas.fr\/mangeoire\/?s={search_term_string}"},"query-input":{"@type":"PropertyValueSpecification","valueRequired":true,"valueName":"search_term_string"}}],"inLanguage":"fr-FR"},{"@type":"Person","@id":"https:\/\/glacas.fr\/mangeoire\/#\/schema\/person\/a12f518914d98efb04e0dd37a31849e5","name":"Florent","image":{"@type":"ImageObject","inLanguage":"fr-FR","@id":"https:\/\/glacas.fr\/mangeoire\/#\/schema\/person\/image\/","url":"https:\/\/secure.gravatar.com\/avatar\/2c893d93f7e805427cfd7b9d3503520838217f30be1306d3ff5e3a93bb6a797b?s=96&d=mm&r=g","contentUrl":"https:\/\/secure.gravatar.com\/avatar\/2c893d93f7e805427cfd7b9d3503520838217f30be1306d3ff5e3a93bb6a797b?s=96&d=mm&r=g","caption":"Florent"},"url":"http:\/\/glacas.fr\/mangeoire\/author\/admin\/"}]}},"jetpack_featured_media_url":"","jetpack_sharing_enabled":true,"jetpack_shortlink":"https:\/\/wp.me\/p75NbN-cF","jetpack_likes_enabled":true,"_links":{"self":[{"href":"http:\/\/glacas.fr\/mangeoire\/wp-json\/wp\/v2\/posts\/785","targetHints":{"allow":["GET"]}}],"collection":[{"href":"http:\/\/glacas.fr\/mangeoire\/wp-json\/wp\/v2\/posts"}],"about":[{"href":"http:\/\/glacas.fr\/mangeoire\/wp-json\/wp\/v2\/types\/post"}],"author":[{"embeddable":true,"href":"http:\/\/glacas.fr\/mangeoire\/wp-json\/wp\/v2\/users\/1"}],"replies":[{"embeddable":true,"href":"http:\/\/glacas.fr\/mangeoire\/wp-json\/wp\/v2\/comments?post=785"}],"version-history":[{"count":1,"href":"http:\/\/glacas.fr\/mangeoire\/wp-json\/wp\/v2\/posts\/785\/revisions"}],"predecessor-version":[{"id":786,"href":"http:\/\/glacas.fr\/mangeoire\/wp-json\/wp\/v2\/posts\/785\/revisions\/786"}],"wp:attachment":[{"href":"http:\/\/glacas.fr\/mangeoire\/wp-json\/wp\/v2\/media?parent=785"}],"wp:term":[{"taxonomy":"category","embeddable":true,"href":"http:\/\/glacas.fr\/mangeoire\/wp-json\/wp\/v2\/categories?post=785"},{"taxonomy":"post_tag","embeddable":true,"href":"http:\/\/glacas.fr\/mangeoire\/wp-json\/wp\/v2\/tags?post=785"}],"curies":[{"name":"wp","href":"https:\/\/api.w.org\/{rel}","templated":true}]}}