{"id":186,"date":"2014-09-18T09:21:56","date_gmt":"2014-09-18T08:21:56","guid":{"rendered":"http:\/\/glacas.fr\/carnet\/?p=186"},"modified":"2014-09-18T09:28:45","modified_gmt":"2014-09-18T08:28:45","slug":"le-moro-sphinx","status":"publish","type":"post","link":"http:\/\/glacas.fr\/carnet\/2014\/09\/18\/le-moro-sphinx\/","title":{"rendered":"Le Moro-sphinx"},"content":{"rendered":"<h2 style=\"text-align: center;\"><strong>Moro-sphinx<\/strong><\/h2>\n<h3 style=\"text-align: center;\"><em>Macroglossum stellatarum<\/em><em><br \/>\n<\/em><\/h3>\n<p><strong>\u00a0Ordre :<br \/>\n<\/strong>L\u00e9pidopt\u00e8res<strong><br \/>\n<\/strong><\/p>\n<p><strong>Famille :<br \/>\n<\/strong>Sphindigae<strong><br \/>\n<\/strong><\/p>\n<p><strong>Autres noms :<br \/>\n<\/strong>Sphinx colibri ou Sphinx du caille-lait<strong><br \/>\n<\/strong><\/p>\n<p><strong>Ethymologie :<\/strong><br \/>\n<em>Macroglossum<\/em> = grande langue et <em>stellatarum<\/em> : des asters<\/p>\n<p><strong>Origine:<br \/>\n<\/strong>Cet insecte migrateur peut se rencontrer presque partout dans l&rsquo;h\u00e9misph\u00e8re nord en \u00e9t\u00e9, mais il r\u00e9side uniquement dans les climats temp\u00e9r\u00e9s les plus chauds (Espagne, Portugal, Italie, Turquie, Afrique du Nord). En effet, il survit rarement \u00e0 l&rsquo;hiver aux latitudes plus nordiques.\u00a0 Il est pr\u00e9sent durant la saison chaude dans tous les d\u00e9partements de France m\u00e9tropolitaine.<\/p>\n<p><strong>Milieu :<\/strong><br \/>\nCette esp\u00e8ce fr\u00e9quente les prairies, les buissons et les jardins.<\/p>\n<p><strong>Taille :<br \/>\n<\/strong>40 \u00e0 50 mm<strong><br \/>\n<\/strong><\/p>\n<p><strong>Description :<\/strong><\/p>\n<p><a href=\"http:\/\/glacas.fr\/carnet\/wp-content\/uploads\/sites\/4\/2014\/09\/IMG_3206B-Medium1.jpg\" data-rel=\"lightbox-image-0\" data-rl_title=\"\" data-rl_caption=\"\" title=\"\"><img loading=\"lazy\" decoding=\"async\" class=\"aligncenter wp-image-193  colorbox-186\" src=\"http:\/\/glacas.fr\/carnet\/wp-content\/uploads\/sites\/4\/2014\/09\/IMG_3206B-Medium1.jpg\" alt=\"IMG_3206B (Medium)\" width=\"483\" height=\"436\" srcset=\"http:\/\/glacas.fr\/carnet\/wp-content\/uploads\/sites\/4\/2014\/09\/IMG_3206B-Medium1.jpg 850w, http:\/\/glacas.fr\/carnet\/wp-content\/uploads\/sites\/4\/2014\/09\/IMG_3206B-Medium1-300x271.jpg 300w, http:\/\/glacas.fr\/carnet\/wp-content\/uploads\/sites\/4\/2014\/09\/IMG_3206B-Medium1-254x230.jpg 254w\" sizes=\"auto, (max-width: 483px) 100vw, 483px\" \/><\/a>Le cors est trapu, velu, avec des taches blanches sur le cot\u00e9. Les ailes ant\u00e9rieures sont de couleur brun-gris avec des lignes plus fonc\u00e9es, les post\u00e9rieures sont rousses, grises \u00e0 leur base, et plus sombre sur leur bord externe. Les antennes sont bien visibles et en forme de massues.<\/p>\n<p>Coloration\u00a0: le corps est gris\u00e2tre, avec des t\u00e2ches noires et blanches au niveau de l\u2019abdomen. Les ailes sont rousses, bord\u00e9es de gris.<\/p>\n<p><strong>Comportement\u00a0:<\/strong><\/p>\n<p><a href=\"http:\/\/glacas.fr\/carnet\/wp-content\/uploads\/sites\/4\/2014\/09\/IMG_3224A-Medium.jpg\" data-rel=\"lightbox-image-1\" data-rl_title=\"\" data-rl_caption=\"\" title=\"\"><img loading=\"lazy\" decoding=\"async\" class=\"aligncenter  wp-image-194 colorbox-186\" src=\"http:\/\/glacas.fr\/carnet\/wp-content\/uploads\/sites\/4\/2014\/09\/IMG_3224A-Medium-1024x718.jpg\" alt=\"IMG_3224A (Medium)\" width=\"478\" height=\"335\" srcset=\"http:\/\/glacas.fr\/carnet\/wp-content\/uploads\/sites\/4\/2014\/09\/IMG_3224A-Medium-1024x718.jpg 1024w, http:\/\/glacas.fr\/carnet\/wp-content\/uploads\/sites\/4\/2014\/09\/IMG_3224A-Medium-300x210.jpg 300w, http:\/\/glacas.fr\/carnet\/wp-content\/uploads\/sites\/4\/2014\/09\/IMG_3224A-Medium-327x230.jpg 327w, http:\/\/glacas.fr\/carnet\/wp-content\/uploads\/sites\/4\/2014\/09\/IMG_3224A-Medium.jpg 1094w\" sizes=\"auto, (max-width: 478px) 100vw, 478px\" \/><\/a><br \/>\nIl est rare de voir ce papillon pos\u00e9, on le remarque en g\u00e9n\u00e9ral volant de fleur en fleur pour butiner, ce qu\u2019il fait gr\u00e2ce \u00e0 une tr\u00e8s longue trompe et en restant immobile en vol stationnaire, \u00e0 la mani\u00e8re du colibri, et de quelques autres papillons d\u2019esp\u00e8ces voisines. Ses ailes battent tellement vite qu\u2019elles sont \u00e0 peine visibles.<\/p>\n<p>Bien qu\u2019appartenant \u00e0 une famille de papillons nocturnes, le moro-sphinx a des m\u0153urs diurnes (avec le <a title=\"Sphinx fuciforme\" href=\"http:\/\/fr.wikipedia.org\/wiki\/Sphinx_fuciforme\">Sphinx fuciforme<\/a> ou Sphinx gaz\u00e9, <i>Hemaris fuciformis<\/i> L. et le <a title=\"Sphinx bombyliforme\" href=\"http:\/\/fr.wikipedia.org\/wiki\/Sphinx_bombyliforme\">Sphinx bombyliforme<\/a>, <i>Hemaris tityus<\/i> L; ces 2 esp\u00e8ces \u00e9tant moins fr\u00e9quentes en France).<\/p>\n<p>Le Moro sphinx peut voler \u00e0 <span class=\"nowrap\">50\u00a0km\/h<\/span>, <span class=\"nowrap\">40\u00a0km\/h<\/span> en moyenne, ce qui le place parmi les papillons les plus rapides.<\/p>\n<p><strong>Pr\u00e9sence :<br \/>\n<\/strong>On le voit\u00a0 en avril-mai (pour la premi\u00e8re g\u00e9n\u00e9ration) et de septembre \u00e0 octobre (pour la seconde).<strong><br \/>\n<\/strong><\/p>\n<p><strong>Lieu d\u2019observation\u00a0:<br \/>\n<\/strong>R\u00e9serve naturelle de Printegarde (26 Livron) sur la digue pr\u00e8s du barrage de Baix le logis, le 16 septembre 2014 vers 13h<strong>.<br \/>\n<\/strong><a href=\"https:\/\/www.google.fr\/maps\/place\/%C3%8Ele+de+Printegarde,+07800+La+Voulte-sur-Rh%C3%B4ne\/@44.7809467,4.7730998,18z\/data=!4m2!3m1!1s0x12b5491d7ccdd619:0x744d9a1d747525b6\" target=\"_blank\">Lien vers la carte<\/a><\/p>\n<p><strong>Divers\u00a0:<br \/>\n<\/strong>Pas de statut de protection particulier.<br \/>\nL&rsquo;esp\u00e8ce <i>Macroglossum stellatarum<\/i> a \u00e9t\u00e9 d\u00e9crite par le naturaliste su\u00e9dois <a title=\"Carl von Linn\u00e9\" href=\"http:\/\/fr.wikipedia.org\/wiki\/Carl_von_Linn%C3%A9\">Carl von Linn\u00e9<\/a> en 1758, sous le nom initial de <i>Sphinx stellatarum<\/i><\/p>\n<p><strong>Liens et remerciements :<\/strong><br \/>\n<a href=\"http:\/\/fr.wikipedia.org\/wiki\/Moro_sphinx\" target=\"_blank\">Wikipedia<br \/>\n<\/a><a href=\"http:\/\/www.quelestcetanimal.com\/lepidopteres\/le-moro-sphinx\/\" target=\"_blank\">Quel est donc cet animal<\/a><br \/>\n<a href=\"http:\/\/glacas.fr\/photo\/index.php?album=insectes\/papillons\/moro-sphinx\" target=\"_blank\">Mon album photo pour les voir en bonne r\u00e9solution<\/a><\/p>\n<div id=\"gallery-2\" class=\"gallery galleryid-2 default columns_4 gallery-columns-4  gallery-size-thumbnail \">\n<figure class=\"gallery-item gallery-startcol\">\n\t<div class=\"gallery-icon\"><a href=\"http:\/\/glacas.fr\/carnet\/2014\/09\/18\/le-moro-sphinx\/img_3206a-medium\/\" title=\"\" class=\"rl-gallery-link\">\t\t\t<img loading=\"lazy\" decoding=\"async\" src=\"http:\/\/glacas.fr\/carnet\/wp-content\/uploads\/sites\/4\/2014\/09\/IMG_3206A-Medium-150x150.jpg\" width=\"150\" height=\"150\" title=\"\" class=\"attachment-thumbnail colorbox-186\" alt=\"\" \/><\/a>\t<\/div>\n\t<\/figure>\n<figure class=\"gallery-item\">\n\t<div class=\"gallery-icon\"><a href=\"http:\/\/glacas.fr\/carnet\/2014\/09\/18\/le-moro-sphinx\/img_3206b-medium-3\/\" title=\"\" class=\"rl-gallery-link\">\t\t\t<img loading=\"lazy\" decoding=\"async\" src=\"http:\/\/glacas.fr\/carnet\/wp-content\/uploads\/sites\/4\/2014\/09\/IMG_3206B-Medium2-150x150.jpg\" width=\"150\" height=\"150\" title=\"\" class=\"attachment-thumbnail colorbox-186\" alt=\"\" \/><\/a>\t<\/div>\n\t<\/figure>\n<figure class=\"gallery-item\">\n\t<div class=\"gallery-icon\"><a href=\"http:\/\/glacas.fr\/carnet\/2014\/09\/18\/le-moro-sphinx\/img_3216a-medium\/\" title=\"\" class=\"rl-gallery-link\">\t\t\t<img loading=\"lazy\" decoding=\"async\" src=\"http:\/\/glacas.fr\/carnet\/wp-content\/uploads\/sites\/4\/2014\/09\/IMG_3216A-Medium-150x150.jpg\" width=\"150\" height=\"150\" title=\"\" class=\"attachment-thumbnail colorbox-186\" alt=\"\" \/><\/a>\t<\/div>\n\t<\/figure>\n<figure class=\"gallery-item gallery-endcol\">\n\t<div class=\"gallery-icon\"><a href=\"http:\/\/glacas.fr\/carnet\/2014\/09\/18\/le-moro-sphinx\/img_3217a-medium\/\" title=\"\" class=\"rl-gallery-link\">\t\t\t<img loading=\"lazy\" decoding=\"async\" src=\"http:\/\/glacas.fr\/carnet\/wp-content\/uploads\/sites\/4\/2014\/09\/IMG_3217A-Medium-150x150.jpg\" width=\"150\" height=\"150\" title=\"\" class=\"attachment-thumbnail colorbox-186\" alt=\"\" \/><\/a>\t<\/div>\n\t<\/figure>\n\n<br class='clear' \/>\n<figure class=\"gallery-item gallery-startcol\">\n\t<div class=\"gallery-icon\"><a href=\"http:\/\/glacas.fr\/carnet\/2014\/09\/18\/le-moro-sphinx\/img_3221a-medium\/\" title=\"\" class=\"rl-gallery-link\">\t\t\t<img loading=\"lazy\" decoding=\"async\" src=\"http:\/\/glacas.fr\/carnet\/wp-content\/uploads\/sites\/4\/2014\/09\/IMG_3221A-Medium-150x150.jpg\" width=\"150\" height=\"150\" title=\"\" class=\"attachment-thumbnail colorbox-186\" alt=\"\" \/><\/a>\t<\/div>\n\t<\/figure>\n<figure class=\"gallery-item\">\n\t<div class=\"gallery-icon\"><a href=\"http:\/\/glacas.fr\/carnet\/2014\/09\/18\/le-moro-sphinx\/img_3222a-medium\/\" title=\"\" class=\"rl-gallery-link\">\t\t\t<img loading=\"lazy\" decoding=\"async\" src=\"http:\/\/glacas.fr\/carnet\/wp-content\/uploads\/sites\/4\/2014\/09\/IMG_3222A-Medium-150x150.jpg\" width=\"150\" height=\"150\" title=\"\" class=\"attachment-thumbnail colorbox-186\" alt=\"\" \/><\/a>\t<\/div>\n\t<\/figure>\n<figure class=\"gallery-item\">\n\t<div class=\"gallery-icon\"><a href=\"http:\/\/glacas.fr\/carnet\/2014\/09\/18\/le-moro-sphinx\/img_3223a-medium\/\" title=\"\" class=\"rl-gallery-link\">\t\t\t<img loading=\"lazy\" decoding=\"async\" src=\"http:\/\/glacas.fr\/carnet\/wp-content\/uploads\/sites\/4\/2014\/09\/IMG_3223A-Medium-150x150.jpg\" width=\"150\" height=\"150\" title=\"\" class=\"attachment-thumbnail colorbox-186\" alt=\"\" \/><\/a>\t<\/div>\n\t<\/figure>\n<figure class=\"gallery-item gallery-endcol\">\n\t<div class=\"gallery-icon\"><a href=\"http:\/\/glacas.fr\/carnet\/2014\/09\/18\/le-moro-sphinx\/img_3224a-medium-2\/\" title=\"\" class=\"rl-gallery-link\">\t\t\t<img loading=\"lazy\" decoding=\"async\" src=\"http:\/\/glacas.fr\/carnet\/wp-content\/uploads\/sites\/4\/2014\/09\/IMG_3224A-Medium1-150x150.jpg\" width=\"150\" height=\"150\" title=\"\" class=\"attachment-thumbnail colorbox-186\" alt=\"\" \/><\/a>\t<\/div>\n\t<\/figure>\n\n<br class='clear' \/>\n\n\n<\/div>\n","protected":false},"excerpt":{"rendered":"<p>Moro-sphinx Macroglossum stellatarum \u00a0Ordre : L\u00e9pidopt\u00e8res Famille : Sphindigae Autres noms : Sphinx colibri ou Sphinx du caille-lait Ethymologie : Macroglossum = grande langue et stellatarum : des asters Origine: Cet insecte migrateur peut se rencontrer presque partout dans l&rsquo;h\u00e9misph\u00e8re nord en \u00e9t\u00e9, mais il r\u00e9side uniquement dans les climats temp\u00e9r\u00e9s les plus chauds (Espagne, [&hellip;]<\/p>\n","protected":false},"author":1,"featured_media":188,"comment_status":"open","ping_status":"open","sticky":false,"template":"","format":"standard","meta":{"ngg_post_thumbnail":0,"footnotes":"","_links_to":"","_links_to_target":""},"categories":[4],"tags":[],"class_list":["post-186","post","type-post","status-publish","format-standard","has-post-thumbnail","hentry","category-insectes","gallery-content-unit"],"aioseo_notices":[],"jetpack_featured_media_url":"http:\/\/glacas.fr\/carnet\/wp-content\/uploads\/sites\/4\/2014\/09\/IMG_3206B-Medium.jpg","_links":{"self":[{"href":"http:\/\/glacas.fr\/carnet\/wp-json\/wp\/v2\/posts\/186","targetHints":{"allow":["GET"]}}],"collection":[{"href":"http:\/\/glacas.fr\/carnet\/wp-json\/wp\/v2\/posts"}],"about":[{"href":"http:\/\/glacas.fr\/carnet\/wp-json\/wp\/v2\/types\/post"}],"author":[{"embeddable":true,"href":"http:\/\/glacas.fr\/carnet\/wp-json\/wp\/v2\/users\/1"}],"replies":[{"embeddable":true,"href":"http:\/\/glacas.fr\/carnet\/wp-json\/wp\/v2\/comments?post=186"}],"version-history":[{"count":7,"href":"http:\/\/glacas.fr\/carnet\/wp-json\/wp\/v2\/posts\/186\/revisions"}],"predecessor-version":[{"id":205,"href":"http:\/\/glacas.fr\/carnet\/wp-json\/wp\/v2\/posts\/186\/revisions\/205"}],"wp:featuredmedia":[{"embeddable":true,"href":"http:\/\/glacas.fr\/carnet\/wp-json\/wp\/v2\/media\/188"}],"wp:attachment":[{"href":"http:\/\/glacas.fr\/carnet\/wp-json\/wp\/v2\/media?parent=186"}],"wp:term":[{"taxonomy":"category","embeddable":true,"href":"http:\/\/glacas.fr\/carnet\/wp-json\/wp\/v2\/categories?post=186"},{"taxonomy":"post_tag","embeddable":true,"href":"http:\/\/glacas.fr\/carnet\/wp-json\/wp\/v2\/tags?post=186"}],"curies":[{"name":"wp","href":"https:\/\/api.w.org\/{rel}","templated":true}]}}